{"id":2802,"date":"2018-04-26T15:48:13","date_gmt":"2018-04-26T13:48:13","guid":{"rendered":"https:\/\/www.clinicamerli.it\/merli\/?p=2802"},"modified":"2020-03-02T12:56:28","modified_gmt":"2020-03-02T11:56:28","slug":"curare-la-carie-con-la-diga-di-gomma-non-fa-piu-paura","status":"publish","type":"post","link":"https:\/\/www.clinicamerli.it\/merli\/curare-la-carie-con-la-diga-di-gomma-non-fa-piu-paura\/","title":{"rendered":"Curare la carie"},"content":{"rendered":"<section class=\"l-section wpb_row height_small\"><div class=\"l-section-h i-cf\"><div class=\"g-cols vc_row via_flex valign_top type_default stacking_default\"><div class=\"vc_col-sm-12 wpb_column vc_column_container\"><div class=\"vc_column-inner\"><div class=\"wpb_wrapper\"><div class=\"wpb_text_column\"><div class=\"wpb_wrapper\"><p>Curare la carie con la DIGA DI GOMMA non fa pi\u00f9 paura!<br \/>\nLa dott. Francesca, insieme alla assistente Samanta, sta per iniziare LA CURA di un elemento incisale alla nostra paziente Anna. Consapevole dell&#8217;importanza di isolare l&#8217;elemento da curare per raggiungere un risultato di qualit\u00e0 e soprattutto per lavorare in sicurezza, la diga non \u00e8 pi\u00f9 un problema e si pu\u00f2 essere allegri anche sulla poltrona odontoiatrica!<br \/>\n<span class=\"_5mfr _47e3\"><span class=\"_7oe\">&#x2757;&#xfe0f;<\/span><\/span>Per saperne di pi\u00f9 sulla carie dentale<span class=\"_5mfr _47e3\"><span class=\"_7oe\">&#x2757;&#xfe0f;<\/span><\/span><br \/>\n<span class=\"_5mfr _47e3\"><span class=\"_7oe\">&#x27a1;&#xfe0f;<\/span><\/span> <a href=\"https:\/\/www.clinicamerli.it\/merli\/portfolios\/conservativa\/\" target=\"_blank\" rel=\"noopener nofollow noreferrer\" data-ft=\"{&quot;tn&quot;:&quot;-U&quot;}\" data-lynx-mode=\"async\" data-lynx-uri=\"https:\/\/l.facebook.com\/l.php?u=https%3A%2F%2Fwww.clinicamerli.it%2Fmerli%2Fportfolios%2Fconservativa%2F&amp;h=AT1FV90FnTmG4nkJBVanyR9N2c2SseOM2GNjlWeLLMxTsU03VtLvR-GBoXE5t36Is-RYpUiTLwhjDiTOewp4zx9PNtzTt_sBVb7z5FoB85bcLilWMNqd2jeIKRZrlV9uUh6fdL_SXL6h7mBE3ucgqNPFAjxmfdJWiQ14p44oAX3404z0FDah3FJI7JSGyZC8pygOaSC2OLK8WGdtIRZfvcpnjwW1D3zThIHCpvspT9QSUe01YirNzrALHfkJR3aUlIsyQNCtMGR_QYgpgiTKA4Ryun0mSFokKCkNQTHe-cE6H4qfvUNuK4lcbAxP8MUJRPCbkD0tKBzIq8w07bvteRRKFB0OyJoCMhPkek0Ixl0d421y3nyr5F-e8JGVAGHi-2GWgNKpMxdI29iRghp47T7ht_WA4XWsD-whLLmlO-Tw\">https:\/\/www.clinica<span class=\"text_exposed_show\">merli.it\/merli\/portfolios\/conservativa\/<\/span><\/a><\/p>\n<\/div><\/div><\/div><\/div><\/div><\/div><\/div><\/section>\n","protected":false},"excerpt":{"rendered":"<p>con la DIGA DI GOMMA non fa pi\u00f9 paura<\/p>\n","protected":false},"author":2,"featured_media":2804,"comment_status":"closed","ping_status":"open","sticky":false,"template":"","format":"standard","meta":{"footnotes":"","_links_to":"","_links_to_target":""},"categories":[1],"tags":[],"class_list":["post-2802","post","type-post","status-publish","format-standard","has-post-thumbnail","hentry","category-blog"],"yoast_head":"<!-- This site is optimized with the Yoast SEO plugin v27.5 - https:\/\/yoast.com\/product\/yoast-seo-wordpress\/ -->\n<title>Curare la carie - Clinica Merli \u2022 Dentisti Rimini | Morciano di Romagna | Forl\u00ec<\/title>\n<meta name=\"robots\" content=\"index, follow, max-snippet:-1, max-image-preview:large, max-video-preview:-1\" \/>\n<link rel=\"canonical\" href=\"https:\/\/www.clinicamerli.it\/merli\/curare-la-carie-con-la-diga-di-gomma-non-fa-piu-paura\/\" \/>\n<meta property=\"og:locale\" content=\"it_IT\" \/>\n<meta property=\"og:type\" content=\"article\" \/>\n<meta property=\"og:title\" content=\"Curare la carie - Clinica Merli \u2022 Dentisti Rimini | Morciano di Romagna | Forl\u00ec\" \/>\n<meta property=\"og:description\" content=\"con la DIGA DI GOMMA non fa pi\u00f9 paura\" \/>\n<meta property=\"og:url\" content=\"https:\/\/www.clinicamerli.it\/merli\/curare-la-carie-con-la-diga-di-gomma-non-fa-piu-paura\/\" \/>\n<meta property=\"og:site_name\" content=\"Clinica Merli\" \/>\n<meta property=\"article:publisher\" content=\"https:\/\/www.facebook.com\/clinica.merli\/\" \/>\n<meta property=\"article:published_time\" content=\"2018-04-26T13:48:13+00:00\" \/>\n<meta property=\"article:modified_time\" content=\"2020-03-02T11:56:28+00:00\" \/>\n<meta property=\"og:image\" content=\"https:\/\/www.clinicamerli.it\/merli\/wp-content\/uploads\/2018\/04\/conservativa.jpg\" \/>\n\t<meta property=\"og:image:width\" content=\"1280\" \/>\n\t<meta property=\"og:image:height\" content=\"1142\" \/>\n\t<meta property=\"og:image:type\" content=\"image\/jpeg\" \/>\n<meta name=\"author\" content=\"amminist\" \/>\n<meta name=\"twitter:card\" content=\"summary_large_image\" \/>\n<meta name=\"twitter:label1\" content=\"Scritto da\" \/>\n\t<meta name=\"twitter:data1\" content=\"amminist\" \/>\n\t<meta name=\"twitter:label2\" content=\"Tempo di lettura stimato\" \/>\n\t<meta name=\"twitter:data2\" content=\"1 minuto\" \/>\n<script type=\"application\/ld+json\" class=\"yoast-schema-graph\">{\"@context\":\"https:\\\/\\\/schema.org\",\"@graph\":[{\"@type\":\"Article\",\"@id\":\"https:\\\/\\\/www.clinicamerli.it\\\/merli\\\/curare-la-carie-con-la-diga-di-gomma-non-fa-piu-paura\\\/#article\",\"isPartOf\":{\"@id\":\"https:\\\/\\\/www.clinicamerli.it\\\/merli\\\/curare-la-carie-con-la-diga-di-gomma-non-fa-piu-paura\\\/\"},\"author\":{\"name\":\"amminist\",\"@id\":\"https:\\\/\\\/www.clinicamerli.it\\\/merli\\\/#\\\/schema\\\/person\\\/02b5523d9a6c56cf5d1fb0c4592b48f0\"},\"headline\":\"Curare la carie\",\"datePublished\":\"2018-04-26T13:48:13+00:00\",\"dateModified\":\"2020-03-02T11:56:28+00:00\",\"mainEntityOfPage\":{\"@id\":\"https:\\\/\\\/www.clinicamerli.it\\\/merli\\\/curare-la-carie-con-la-diga-di-gomma-non-fa-piu-paura\\\/\"},\"wordCount\":109,\"publisher\":{\"@id\":\"https:\\\/\\\/www.clinicamerli.it\\\/merli\\\/#organization\"},\"image\":{\"@id\":\"https:\\\/\\\/www.clinicamerli.it\\\/merli\\\/curare-la-carie-con-la-diga-di-gomma-non-fa-piu-paura\\\/#primaryimage\"},\"thumbnailUrl\":\"https:\\\/\\\/www.clinicamerli.it\\\/merli\\\/wp-content\\\/uploads\\\/2018\\\/04\\\/conservativa.jpg\",\"articleSection\":[\"Blog\"],\"inLanguage\":\"it-IT\"},{\"@type\":\"WebPage\",\"@id\":\"https:\\\/\\\/www.clinicamerli.it\\\/merli\\\/curare-la-carie-con-la-diga-di-gomma-non-fa-piu-paura\\\/\",\"url\":\"https:\\\/\\\/www.clinicamerli.it\\\/merli\\\/curare-la-carie-con-la-diga-di-gomma-non-fa-piu-paura\\\/\",\"name\":\"Curare la carie - Clinica Merli \u2022 Dentisti Rimini | Morciano di Romagna | Forl\u00ec\",\"isPartOf\":{\"@id\":\"https:\\\/\\\/www.clinicamerli.it\\\/merli\\\/#website\"},\"primaryImageOfPage\":{\"@id\":\"https:\\\/\\\/www.clinicamerli.it\\\/merli\\\/curare-la-carie-con-la-diga-di-gomma-non-fa-piu-paura\\\/#primaryimage\"},\"image\":{\"@id\":\"https:\\\/\\\/www.clinicamerli.it\\\/merli\\\/curare-la-carie-con-la-diga-di-gomma-non-fa-piu-paura\\\/#primaryimage\"},\"thumbnailUrl\":\"https:\\\/\\\/www.clinicamerli.it\\\/merli\\\/wp-content\\\/uploads\\\/2018\\\/04\\\/conservativa.jpg\",\"datePublished\":\"2018-04-26T13:48:13+00:00\",\"dateModified\":\"2020-03-02T11:56:28+00:00\",\"breadcrumb\":{\"@id\":\"https:\\\/\\\/www.clinicamerli.it\\\/merli\\\/curare-la-carie-con-la-diga-di-gomma-non-fa-piu-paura\\\/#breadcrumb\"},\"inLanguage\":\"it-IT\",\"potentialAction\":[{\"@type\":\"ReadAction\",\"target\":[\"https:\\\/\\\/www.clinicamerli.it\\\/merli\\\/curare-la-carie-con-la-diga-di-gomma-non-fa-piu-paura\\\/\"]}]},{\"@type\":\"ImageObject\",\"inLanguage\":\"it-IT\",\"@id\":\"https:\\\/\\\/www.clinicamerli.it\\\/merli\\\/curare-la-carie-con-la-diga-di-gomma-non-fa-piu-paura\\\/#primaryimage\",\"url\":\"https:\\\/\\\/www.clinicamerli.it\\\/merli\\\/wp-content\\\/uploads\\\/2018\\\/04\\\/conservativa.jpg\",\"contentUrl\":\"https:\\\/\\\/www.clinicamerli.it\\\/merli\\\/wp-content\\\/uploads\\\/2018\\\/04\\\/conservativa.jpg\",\"width\":1280,\"height\":1142},{\"@type\":\"BreadcrumbList\",\"@id\":\"https:\\\/\\\/www.clinicamerli.it\\\/merli\\\/curare-la-carie-con-la-diga-di-gomma-non-fa-piu-paura\\\/#breadcrumb\",\"itemListElement\":[{\"@type\":\"ListItem\",\"position\":1,\"name\":\"Home\",\"item\":\"https:\\\/\\\/www.clinicamerli.it\\\/merli\\\/\"},{\"@type\":\"ListItem\",\"position\":2,\"name\":\"Curare la carie\"}]},{\"@type\":\"WebSite\",\"@id\":\"https:\\\/\\\/www.clinicamerli.it\\\/merli\\\/#website\",\"url\":\"https:\\\/\\\/www.clinicamerli.it\\\/merli\\\/\",\"name\":\"Clinica Merli\",\"description\":\"Sorridi\",\"publisher\":{\"@id\":\"https:\\\/\\\/www.clinicamerli.it\\\/merli\\\/#organization\"},\"potentialAction\":[{\"@type\":\"SearchAction\",\"target\":{\"@type\":\"EntryPoint\",\"urlTemplate\":\"https:\\\/\\\/www.clinicamerli.it\\\/merli\\\/?s={search_term_string}\"},\"query-input\":{\"@type\":\"PropertyValueSpecification\",\"valueRequired\":true,\"valueName\":\"search_term_string\"}}],\"inLanguage\":\"it-IT\"},{\"@type\":\"Organization\",\"@id\":\"https:\\\/\\\/www.clinicamerli.it\\\/merli\\\/#organization\",\"name\":\"Clinica Merli\",\"url\":\"https:\\\/\\\/www.clinicamerli.it\\\/merli\\\/\",\"logo\":{\"@type\":\"ImageObject\",\"inLanguage\":\"it-IT\",\"@id\":\"https:\\\/\\\/www.clinicamerli.it\\\/merli\\\/#\\\/schema\\\/logo\\\/image\\\/\",\"url\":\"https:\\\/\\\/www.clinicamerli.it\\\/merli\\\/wp-content\\\/uploads\\\/2021\\\/01\\\/logo-Clinica-Merli-2021-small1.png\",\"contentUrl\":\"https:\\\/\\\/www.clinicamerli.it\\\/merli\\\/wp-content\\\/uploads\\\/2021\\\/01\\\/logo-Clinica-Merli-2021-small1.png\",\"width\":311,\"height\":65,\"caption\":\"Clinica Merli\"},\"image\":{\"@id\":\"https:\\\/\\\/www.clinicamerli.it\\\/merli\\\/#\\\/schema\\\/logo\\\/image\\\/\"},\"sameAs\":[\"https:\\\/\\\/www.facebook.com\\\/clinica.merli\\\/\",\"https:\\\/\\\/www.instagram.com\\\/clinica_merli\\\/\"]},{\"@type\":\"Person\",\"@id\":\"https:\\\/\\\/www.clinicamerli.it\\\/merli\\\/#\\\/schema\\\/person\\\/02b5523d9a6c56cf5d1fb0c4592b48f0\",\"name\":\"amminist\",\"image\":{\"@type\":\"ImageObject\",\"inLanguage\":\"it-IT\",\"@id\":\"https:\\\/\\\/secure.gravatar.com\\\/avatar\\\/d2244266d49bf9119b38c346152315c1a7a8c36a934e8075512e7d10665efda3?s=96&d=mm&r=g\",\"url\":\"https:\\\/\\\/secure.gravatar.com\\\/avatar\\\/d2244266d49bf9119b38c346152315c1a7a8c36a934e8075512e7d10665efda3?s=96&d=mm&r=g\",\"contentUrl\":\"https:\\\/\\\/secure.gravatar.com\\\/avatar\\\/d2244266d49bf9119b38c346152315c1a7a8c36a934e8075512e7d10665efda3?s=96&d=mm&r=g\",\"caption\":\"amminist\"}}]}<\/script>\n<!-- \/ Yoast SEO plugin. -->","yoast_head_json":{"title":"Curare la carie - Clinica Merli \u2022 Dentisti Rimini | Morciano di Romagna | Forl\u00ec","robots":{"index":"index","follow":"follow","max-snippet":"max-snippet:-1","max-image-preview":"max-image-preview:large","max-video-preview":"max-video-preview:-1"},"canonical":"https:\/\/www.clinicamerli.it\/merli\/curare-la-carie-con-la-diga-di-gomma-non-fa-piu-paura\/","og_locale":"it_IT","og_type":"article","og_title":"Curare la carie - Clinica Merli \u2022 Dentisti Rimini | Morciano di Romagna | Forl\u00ec","og_description":"con la DIGA DI GOMMA non fa pi\u00f9 paura","og_url":"https:\/\/www.clinicamerli.it\/merli\/curare-la-carie-con-la-diga-di-gomma-non-fa-piu-paura\/","og_site_name":"Clinica Merli","article_publisher":"https:\/\/www.facebook.com\/clinica.merli\/","article_published_time":"2018-04-26T13:48:13+00:00","article_modified_time":"2020-03-02T11:56:28+00:00","og_image":[{"width":1280,"height":1142,"url":"https:\/\/www.clinicamerli.it\/merli\/wp-content\/uploads\/2018\/04\/conservativa.jpg","type":"image\/jpeg"}],"author":"amminist","twitter_card":"summary_large_image","twitter_misc":{"Scritto da":"amminist","Tempo di lettura stimato":"1 minuto"},"schema":{"@context":"https:\/\/schema.org","@graph":[{"@type":"Article","@id":"https:\/\/www.clinicamerli.it\/merli\/curare-la-carie-con-la-diga-di-gomma-non-fa-piu-paura\/#article","isPartOf":{"@id":"https:\/\/www.clinicamerli.it\/merli\/curare-la-carie-con-la-diga-di-gomma-non-fa-piu-paura\/"},"author":{"name":"amminist","@id":"https:\/\/www.clinicamerli.it\/merli\/#\/schema\/person\/02b5523d9a6c56cf5d1fb0c4592b48f0"},"headline":"Curare la carie","datePublished":"2018-04-26T13:48:13+00:00","dateModified":"2020-03-02T11:56:28+00:00","mainEntityOfPage":{"@id":"https:\/\/www.clinicamerli.it\/merli\/curare-la-carie-con-la-diga-di-gomma-non-fa-piu-paura\/"},"wordCount":109,"publisher":{"@id":"https:\/\/www.clinicamerli.it\/merli\/#organization"},"image":{"@id":"https:\/\/www.clinicamerli.it\/merli\/curare-la-carie-con-la-diga-di-gomma-non-fa-piu-paura\/#primaryimage"},"thumbnailUrl":"https:\/\/www.clinicamerli.it\/merli\/wp-content\/uploads\/2018\/04\/conservativa.jpg","articleSection":["Blog"],"inLanguage":"it-IT"},{"@type":"WebPage","@id":"https:\/\/www.clinicamerli.it\/merli\/curare-la-carie-con-la-diga-di-gomma-non-fa-piu-paura\/","url":"https:\/\/www.clinicamerli.it\/merli\/curare-la-carie-con-la-diga-di-gomma-non-fa-piu-paura\/","name":"Curare la carie - Clinica Merli \u2022 Dentisti Rimini | Morciano di Romagna | Forl\u00ec","isPartOf":{"@id":"https:\/\/www.clinicamerli.it\/merli\/#website"},"primaryImageOfPage":{"@id":"https:\/\/www.clinicamerli.it\/merli\/curare-la-carie-con-la-diga-di-gomma-non-fa-piu-paura\/#primaryimage"},"image":{"@id":"https:\/\/www.clinicamerli.it\/merli\/curare-la-carie-con-la-diga-di-gomma-non-fa-piu-paura\/#primaryimage"},"thumbnailUrl":"https:\/\/www.clinicamerli.it\/merli\/wp-content\/uploads\/2018\/04\/conservativa.jpg","datePublished":"2018-04-26T13:48:13+00:00","dateModified":"2020-03-02T11:56:28+00:00","breadcrumb":{"@id":"https:\/\/www.clinicamerli.it\/merli\/curare-la-carie-con-la-diga-di-gomma-non-fa-piu-paura\/#breadcrumb"},"inLanguage":"it-IT","potentialAction":[{"@type":"ReadAction","target":["https:\/\/www.clinicamerli.it\/merli\/curare-la-carie-con-la-diga-di-gomma-non-fa-piu-paura\/"]}]},{"@type":"ImageObject","inLanguage":"it-IT","@id":"https:\/\/www.clinicamerli.it\/merli\/curare-la-carie-con-la-diga-di-gomma-non-fa-piu-paura\/#primaryimage","url":"https:\/\/www.clinicamerli.it\/merli\/wp-content\/uploads\/2018\/04\/conservativa.jpg","contentUrl":"https:\/\/www.clinicamerli.it\/merli\/wp-content\/uploads\/2018\/04\/conservativa.jpg","width":1280,"height":1142},{"@type":"BreadcrumbList","@id":"https:\/\/www.clinicamerli.it\/merli\/curare-la-carie-con-la-diga-di-gomma-non-fa-piu-paura\/#breadcrumb","itemListElement":[{"@type":"ListItem","position":1,"name":"Home","item":"https:\/\/www.clinicamerli.it\/merli\/"},{"@type":"ListItem","position":2,"name":"Curare la carie"}]},{"@type":"WebSite","@id":"https:\/\/www.clinicamerli.it\/merli\/#website","url":"https:\/\/www.clinicamerli.it\/merli\/","name":"Clinica Merli","description":"Sorridi","publisher":{"@id":"https:\/\/www.clinicamerli.it\/merli\/#organization"},"potentialAction":[{"@type":"SearchAction","target":{"@type":"EntryPoint","urlTemplate":"https:\/\/www.clinicamerli.it\/merli\/?s={search_term_string}"},"query-input":{"@type":"PropertyValueSpecification","valueRequired":true,"valueName":"search_term_string"}}],"inLanguage":"it-IT"},{"@type":"Organization","@id":"https:\/\/www.clinicamerli.it\/merli\/#organization","name":"Clinica Merli","url":"https:\/\/www.clinicamerli.it\/merli\/","logo":{"@type":"ImageObject","inLanguage":"it-IT","@id":"https:\/\/www.clinicamerli.it\/merli\/#\/schema\/logo\/image\/","url":"https:\/\/www.clinicamerli.it\/merli\/wp-content\/uploads\/2021\/01\/logo-Clinica-Merli-2021-small1.png","contentUrl":"https:\/\/www.clinicamerli.it\/merli\/wp-content\/uploads\/2021\/01\/logo-Clinica-Merli-2021-small1.png","width":311,"height":65,"caption":"Clinica Merli"},"image":{"@id":"https:\/\/www.clinicamerli.it\/merli\/#\/schema\/logo\/image\/"},"sameAs":["https:\/\/www.facebook.com\/clinica.merli\/","https:\/\/www.instagram.com\/clinica_merli\/"]},{"@type":"Person","@id":"https:\/\/www.clinicamerli.it\/merli\/#\/schema\/person\/02b5523d9a6c56cf5d1fb0c4592b48f0","name":"amminist","image":{"@type":"ImageObject","inLanguage":"it-IT","@id":"https:\/\/secure.gravatar.com\/avatar\/d2244266d49bf9119b38c346152315c1a7a8c36a934e8075512e7d10665efda3?s=96&d=mm&r=g","url":"https:\/\/secure.gravatar.com\/avatar\/d2244266d49bf9119b38c346152315c1a7a8c36a934e8075512e7d10665efda3?s=96&d=mm&r=g","contentUrl":"https:\/\/secure.gravatar.com\/avatar\/d2244266d49bf9119b38c346152315c1a7a8c36a934e8075512e7d10665efda3?s=96&d=mm&r=g","caption":"amminist"}}]}},"_links":{"self":[{"href":"https:\/\/www.clinicamerli.it\/merli\/wp-json\/wp\/v2\/posts\/2802","targetHints":{"allow":["GET"]}}],"collection":[{"href":"https:\/\/www.clinicamerli.it\/merli\/wp-json\/wp\/v2\/posts"}],"about":[{"href":"https:\/\/www.clinicamerli.it\/merli\/wp-json\/wp\/v2\/types\/post"}],"author":[{"embeddable":true,"href":"https:\/\/www.clinicamerli.it\/merli\/wp-json\/wp\/v2\/users\/2"}],"replies":[{"embeddable":true,"href":"https:\/\/www.clinicamerli.it\/merli\/wp-json\/wp\/v2\/comments?post=2802"}],"version-history":[{"count":3,"href":"https:\/\/www.clinicamerli.it\/merli\/wp-json\/wp\/v2\/posts\/2802\/revisions"}],"predecessor-version":[{"id":3917,"href":"https:\/\/www.clinicamerli.it\/merli\/wp-json\/wp\/v2\/posts\/2802\/revisions\/3917"}],"wp:featuredmedia":[{"embeddable":true,"href":"https:\/\/www.clinicamerli.it\/merli\/wp-json\/wp\/v2\/media\/2804"}],"wp:attachment":[{"href":"https:\/\/www.clinicamerli.it\/merli\/wp-json\/wp\/v2\/media?parent=2802"}],"wp:term":[{"taxonomy":"category","embeddable":true,"href":"https:\/\/www.clinicamerli.it\/merli\/wp-json\/wp\/v2\/categories?post=2802"},{"taxonomy":"post_tag","embeddable":true,"href":"https:\/\/www.clinicamerli.it\/merli\/wp-json\/wp\/v2\/tags?post=2802"}],"curies":[{"name":"wp","href":"https:\/\/api.w.org\/{rel}","templated":true}]}}