{"id":7919,"date":"2025-09-01T18:45:41","date_gmt":"2025-09-01T16:45:41","guid":{"rendered":"https:\/\/www.clinicamerli.it\/merli\/?p=7919"},"modified":"2025-09-03T16:46:40","modified_gmt":"2025-09-03T14:46:40","slug":"festival-della-cultura-sportiva-2025","status":"publish","type":"post","link":"https:\/\/www.clinicamerli.it\/merli\/festival-della-cultura-sportiva-2025\/","title":{"rendered":"Festival della Cultura Sportiva 2025"},"content":{"rendered":"\n<p><strong>Correre fa bene. Insieme, fa ancora meglio.<\/strong><\/p>\n\n\n\n<p>Clinica Merli \u00e8 <strong>Main Sponsor<\/strong> della <strong>Community Run<\/strong> del <em>Festival della Cultura Sportiva 2025<\/em>: <strong>6 km<\/strong> aperti a tutti runner, camminatori, famiglie.<\/p>\n\n\n\n<p><strong>Domenica 7 settembre 2025, ore 11:30<br>Piazza dell\u2019Acqua<\/strong>, Viale Tiberio 1 \u2013 Rimini<\/p>\n\n\n\n<p>Saremo in tanti alla partenza: non per fare record, ma perch\u00e9 <strong>la corsa \u00e8 una metafora di vita:<\/strong> la fatica arriva, ma, con <strong>determinazione<\/strong> e <strong>consapevolezza di fare qualcosa di utile per s\u00e9 stessi, <\/strong>si supera.<br>In pi\u00f9, correre \u00e8 un modo concreto per <strong>ritrovare la socialit\u00e0<\/strong>: ci si vede dal vivo, si <strong>fanno<\/strong> davvero le cose (non solo dallo schermo) e si condivide energia positiva.<\/p>\n\n\n\n<p><strong>Iscrizione gratuita!<\/strong><\/p>\n\n\n\n<p><strong>Ti aspettiamo alla partenza.<\/strong> Invita un amico, <strong>iscriviti<\/strong> e corri con noi per una buona causa.<\/p>\n\n\n\n<p>Per iscriversi: <a href=\"https:\/\/docs.google.com\/forms\/d\/e\/1FAIpQLSfO3yyedugQP6kQ94qyffi_UpxDiOIRwtSd-XVRo8Ka-KnRkA\/viewform\">https:\/\/docs.google.com\/forms\/d\/e\/1FAIpQLSfO3yyedugQP6kQ94qyffi_UpxDiOIRwtSd-XVRo8Ka-KnRkA\/viewform<\/a><\/p>\n\n\n\n<p>Programma completo su: <a href=\"https:\/\/www.festivaldellaculturasportiva.it\">https:\/\/www.festivaldellaculturasportiva.it<\/a><\/p>\n\n\n\n<p>Per maggiori informazioni <a href=\"https:\/\/www.comune.rimini.it\/novita\/notizie\/quarta-edizione-del-festival-della-cultura-sportiva\">https:\/\/www.comune.rimini.it\/novita\/notizie\/quarta-edizione-del-festival-della-cultura-sportiva<\/a><\/p>\n\n\n\n<figure class=\"wp-block-image alignwide size-large\"><img loading=\"lazy\" decoding=\"async\" width=\"717\" height=\"1024\" src=\"https:\/\/www.clinicamerli.it\/merli\/wp-content\/uploads\/2025\/09\/programma-festival-CULTURA-SPORTIVA_2025-717x1024.jpg\" alt=\"\" class=\"wp-image-7926\" srcset=\"https:\/\/www.clinicamerli.it\/merli\/wp-content\/uploads\/2025\/09\/programma-festival-CULTURA-SPORTIVA_2025-717x1024.jpg 717w, https:\/\/www.clinicamerli.it\/merli\/wp-content\/uploads\/2025\/09\/programma-festival-CULTURA-SPORTIVA_2025-210x300.jpg 210w, https:\/\/www.clinicamerli.it\/merli\/wp-content\/uploads\/2025\/09\/programma-festival-CULTURA-SPORTIVA_2025-17x24.jpg 17w, https:\/\/www.clinicamerli.it\/merli\/wp-content\/uploads\/2025\/09\/programma-festival-CULTURA-SPORTIVA_2025-25x36.jpg 25w, https:\/\/www.clinicamerli.it\/merli\/wp-content\/uploads\/2025\/09\/programma-festival-CULTURA-SPORTIVA_2025-34x48.jpg 34w, https:\/\/www.clinicamerli.it\/merli\/wp-content\/uploads\/2025\/09\/programma-festival-CULTURA-SPORTIVA_2025.jpg 1280w\" sizes=\"auto, (max-width: 717px) 100vw, 717px\" \/><\/figure>\n\n\n\n<figure class=\"wp-block-embed is-type-video is-provider-youtube wp-block-embed-youtube wp-embed-aspect-9-16 wp-has-aspect-ratio\"><div class=\"wp-block-embed__wrapper\">\n<iframe loading=\"lazy\" title=\"video Festival della Cultura Sportiva 2025 - Rimini\" width=\"203\" height=\"360\" src=\"https:\/\/www.youtube.com\/embed\/5xk_2gSO0LY?feature=oembed\" frameborder=\"0\" allow=\"accelerometer; autoplay; clipboard-write; encrypted-media; gyroscope; picture-in-picture; web-share\" referrerpolicy=\"strict-origin-when-cross-origin\" allowfullscreen><\/iframe>\n<\/div><\/figure>\n","protected":false},"excerpt":{"rendered":"<p>Correre fa bene. Insieme, fa ancora meglio. Clinica Merli \u00e8 Main Sponsor della Community Run del Festival della Cultura Sportiva 2025: 6 km aperti a tutti runner, camminatori, famiglie. Domenica 7 settembre 2025, ore 11:30Piazza dell\u2019Acqua, Viale Tiberio 1 \u2013 Rimini Saremo in tanti alla partenza: non per fare record, ma perch\u00e9 la corsa \u00e8&#8230;<\/p>\n","protected":false},"author":2,"featured_media":7925,"comment_status":"closed","ping_status":"open","sticky":false,"template":"","format":"standard","meta":{"footnotes":"","_links_to":"","_links_to_target":""},"categories":[1],"tags":[],"class_list":["post-7919","post","type-post","status-publish","format-standard","has-post-thumbnail","hentry","category-blog"],"yoast_head":"<!-- This site is optimized with the Yoast SEO plugin v27.5 - https:\/\/yoast.com\/product\/yoast-seo-wordpress\/ -->\n<title>Festival della Cultura Sportiva 2025 - Clinica Merli \u2022 Dentisti Rimini | Morciano di Romagna | Forl\u00ec<\/title>\n<meta name=\"robots\" content=\"index, follow, max-snippet:-1, max-image-preview:large, max-video-preview:-1\" \/>\n<link rel=\"canonical\" href=\"https:\/\/www.clinicamerli.it\/merli\/festival-della-cultura-sportiva-2025\/\" \/>\n<meta property=\"og:locale\" content=\"it_IT\" \/>\n<meta property=\"og:type\" content=\"article\" \/>\n<meta property=\"og:title\" content=\"Festival della Cultura Sportiva 2025 - Clinica Merli \u2022 Dentisti Rimini | Morciano di Romagna | Forl\u00ec\" \/>\n<meta property=\"og:description\" content=\"Correre fa bene. Insieme, fa ancora meglio. Clinica Merli \u00e8 Main Sponsor della Community Run del Festival della Cultura Sportiva 2025: 6 km aperti a tutti runner, camminatori, famiglie. Domenica 7 settembre 2025, ore 11:30Piazza dell\u2019Acqua, Viale Tiberio 1 \u2013 Rimini Saremo in tanti alla partenza: non per fare record, ma perch\u00e9 la corsa \u00e8...\" \/>\n<meta property=\"og:url\" content=\"https:\/\/www.clinicamerli.it\/merli\/festival-della-cultura-sportiva-2025\/\" \/>\n<meta property=\"og:site_name\" content=\"Clinica Merli\" \/>\n<meta property=\"article:publisher\" content=\"https:\/\/www.facebook.com\/clinica.merli\/\" \/>\n<meta property=\"article:published_time\" content=\"2025-09-01T16:45:41+00:00\" \/>\n<meta property=\"article:modified_time\" content=\"2025-09-03T14:46:40+00:00\" \/>\n<meta property=\"og:image\" content=\"https:\/\/www.clinicamerli.it\/merli\/wp-content\/uploads\/2025\/09\/festival-CULTURA-SPORTIVA_2025.jpg\" \/>\n\t<meta property=\"og:image:width\" content=\"1028\" \/>\n\t<meta property=\"og:image:height\" content=\"1028\" \/>\n\t<meta property=\"og:image:type\" content=\"image\/jpeg\" \/>\n<meta name=\"author\" content=\"amminist\" \/>\n<meta name=\"twitter:card\" content=\"summary_large_image\" \/>\n<meta name=\"twitter:label1\" content=\"Scritto da\" \/>\n\t<meta name=\"twitter:data1\" content=\"amminist\" \/>\n\t<meta name=\"twitter:label2\" content=\"Tempo di lettura stimato\" \/>\n\t<meta name=\"twitter:data2\" content=\"2 minuti\" \/>\n<script type=\"application\/ld+json\" class=\"yoast-schema-graph\">{\"@context\":\"https:\\\/\\\/schema.org\",\"@graph\":[{\"@type\":\"Article\",\"@id\":\"https:\\\/\\\/www.clinicamerli.it\\\/merli\\\/festival-della-cultura-sportiva-2025\\\/#article\",\"isPartOf\":{\"@id\":\"https:\\\/\\\/www.clinicamerli.it\\\/merli\\\/festival-della-cultura-sportiva-2025\\\/\"},\"author\":{\"name\":\"amminist\",\"@id\":\"https:\\\/\\\/www.clinicamerli.it\\\/merli\\\/#\\\/schema\\\/person\\\/02b5523d9a6c56cf5d1fb0c4592b48f0\"},\"headline\":\"Festival della Cultura Sportiva 2025\",\"datePublished\":\"2025-09-01T16:45:41+00:00\",\"dateModified\":\"2025-09-03T14:46:40+00:00\",\"mainEntityOfPage\":{\"@id\":\"https:\\\/\\\/www.clinicamerli.it\\\/merli\\\/festival-della-cultura-sportiva-2025\\\/\"},\"wordCount\":162,\"publisher\":{\"@id\":\"https:\\\/\\\/www.clinicamerli.it\\\/merli\\\/#organization\"},\"image\":{\"@id\":\"https:\\\/\\\/www.clinicamerli.it\\\/merli\\\/festival-della-cultura-sportiva-2025\\\/#primaryimage\"},\"thumbnailUrl\":\"https:\\\/\\\/www.clinicamerli.it\\\/merli\\\/wp-content\\\/uploads\\\/2025\\\/09\\\/festival-CULTURA-SPORTIVA_2025.jpg\",\"articleSection\":[\"Blog\"],\"inLanguage\":\"it-IT\"},{\"@type\":\"WebPage\",\"@id\":\"https:\\\/\\\/www.clinicamerli.it\\\/merli\\\/festival-della-cultura-sportiva-2025\\\/\",\"url\":\"https:\\\/\\\/www.clinicamerli.it\\\/merli\\\/festival-della-cultura-sportiva-2025\\\/\",\"name\":\"Festival della Cultura Sportiva 2025 - Clinica Merli \u2022 Dentisti Rimini | Morciano di Romagna | Forl\u00ec\",\"isPartOf\":{\"@id\":\"https:\\\/\\\/www.clinicamerli.it\\\/merli\\\/#website\"},\"primaryImageOfPage\":{\"@id\":\"https:\\\/\\\/www.clinicamerli.it\\\/merli\\\/festival-della-cultura-sportiva-2025\\\/#primaryimage\"},\"image\":{\"@id\":\"https:\\\/\\\/www.clinicamerli.it\\\/merli\\\/festival-della-cultura-sportiva-2025\\\/#primaryimage\"},\"thumbnailUrl\":\"https:\\\/\\\/www.clinicamerli.it\\\/merli\\\/wp-content\\\/uploads\\\/2025\\\/09\\\/festival-CULTURA-SPORTIVA_2025.jpg\",\"datePublished\":\"2025-09-01T16:45:41+00:00\",\"dateModified\":\"2025-09-03T14:46:40+00:00\",\"breadcrumb\":{\"@id\":\"https:\\\/\\\/www.clinicamerli.it\\\/merli\\\/festival-della-cultura-sportiva-2025\\\/#breadcrumb\"},\"inLanguage\":\"it-IT\",\"potentialAction\":[{\"@type\":\"ReadAction\",\"target\":[\"https:\\\/\\\/www.clinicamerli.it\\\/merli\\\/festival-della-cultura-sportiva-2025\\\/\"]}]},{\"@type\":\"ImageObject\",\"inLanguage\":\"it-IT\",\"@id\":\"https:\\\/\\\/www.clinicamerli.it\\\/merli\\\/festival-della-cultura-sportiva-2025\\\/#primaryimage\",\"url\":\"https:\\\/\\\/www.clinicamerli.it\\\/merli\\\/wp-content\\\/uploads\\\/2025\\\/09\\\/festival-CULTURA-SPORTIVA_2025.jpg\",\"contentUrl\":\"https:\\\/\\\/www.clinicamerli.it\\\/merli\\\/wp-content\\\/uploads\\\/2025\\\/09\\\/festival-CULTURA-SPORTIVA_2025.jpg\",\"width\":1028,\"height\":1028},{\"@type\":\"BreadcrumbList\",\"@id\":\"https:\\\/\\\/www.clinicamerli.it\\\/merli\\\/festival-della-cultura-sportiva-2025\\\/#breadcrumb\",\"itemListElement\":[{\"@type\":\"ListItem\",\"position\":1,\"name\":\"Home\",\"item\":\"https:\\\/\\\/www.clinicamerli.it\\\/merli\\\/\"},{\"@type\":\"ListItem\",\"position\":2,\"name\":\"Festival della Cultura Sportiva 2025\"}]},{\"@type\":\"WebSite\",\"@id\":\"https:\\\/\\\/www.clinicamerli.it\\\/merli\\\/#website\",\"url\":\"https:\\\/\\\/www.clinicamerli.it\\\/merli\\\/\",\"name\":\"Clinica Merli\",\"description\":\"Sorridi\",\"publisher\":{\"@id\":\"https:\\\/\\\/www.clinicamerli.it\\\/merli\\\/#organization\"},\"potentialAction\":[{\"@type\":\"SearchAction\",\"target\":{\"@type\":\"EntryPoint\",\"urlTemplate\":\"https:\\\/\\\/www.clinicamerli.it\\\/merli\\\/?s={search_term_string}\"},\"query-input\":{\"@type\":\"PropertyValueSpecification\",\"valueRequired\":true,\"valueName\":\"search_term_string\"}}],\"inLanguage\":\"it-IT\"},{\"@type\":\"Organization\",\"@id\":\"https:\\\/\\\/www.clinicamerli.it\\\/merli\\\/#organization\",\"name\":\"Clinica Merli\",\"url\":\"https:\\\/\\\/www.clinicamerli.it\\\/merli\\\/\",\"logo\":{\"@type\":\"ImageObject\",\"inLanguage\":\"it-IT\",\"@id\":\"https:\\\/\\\/www.clinicamerli.it\\\/merli\\\/#\\\/schema\\\/logo\\\/image\\\/\",\"url\":\"https:\\\/\\\/www.clinicamerli.it\\\/merli\\\/wp-content\\\/uploads\\\/2021\\\/01\\\/logo-Clinica-Merli-2021-small1.png\",\"contentUrl\":\"https:\\\/\\\/www.clinicamerli.it\\\/merli\\\/wp-content\\\/uploads\\\/2021\\\/01\\\/logo-Clinica-Merli-2021-small1.png\",\"width\":311,\"height\":65,\"caption\":\"Clinica Merli\"},\"image\":{\"@id\":\"https:\\\/\\\/www.clinicamerli.it\\\/merli\\\/#\\\/schema\\\/logo\\\/image\\\/\"},\"sameAs\":[\"https:\\\/\\\/www.facebook.com\\\/clinica.merli\\\/\",\"https:\\\/\\\/www.instagram.com\\\/clinica_merli\\\/\"]},{\"@type\":\"Person\",\"@id\":\"https:\\\/\\\/www.clinicamerli.it\\\/merli\\\/#\\\/schema\\\/person\\\/02b5523d9a6c56cf5d1fb0c4592b48f0\",\"name\":\"amminist\",\"image\":{\"@type\":\"ImageObject\",\"inLanguage\":\"it-IT\",\"@id\":\"https:\\\/\\\/secure.gravatar.com\\\/avatar\\\/d2244266d49bf9119b38c346152315c1a7a8c36a934e8075512e7d10665efda3?s=96&d=mm&r=g\",\"url\":\"https:\\\/\\\/secure.gravatar.com\\\/avatar\\\/d2244266d49bf9119b38c346152315c1a7a8c36a934e8075512e7d10665efda3?s=96&d=mm&r=g\",\"contentUrl\":\"https:\\\/\\\/secure.gravatar.com\\\/avatar\\\/d2244266d49bf9119b38c346152315c1a7a8c36a934e8075512e7d10665efda3?s=96&d=mm&r=g\",\"caption\":\"amminist\"}}]}<\/script>\n<!-- \/ Yoast SEO plugin. -->","yoast_head_json":{"title":"Festival della Cultura Sportiva 2025 - Clinica Merli \u2022 Dentisti Rimini | Morciano di Romagna | Forl\u00ec","robots":{"index":"index","follow":"follow","max-snippet":"max-snippet:-1","max-image-preview":"max-image-preview:large","max-video-preview":"max-video-preview:-1"},"canonical":"https:\/\/www.clinicamerli.it\/merli\/festival-della-cultura-sportiva-2025\/","og_locale":"it_IT","og_type":"article","og_title":"Festival della Cultura Sportiva 2025 - Clinica Merli \u2022 Dentisti Rimini | Morciano di Romagna | Forl\u00ec","og_description":"Correre fa bene. Insieme, fa ancora meglio. Clinica Merli \u00e8 Main Sponsor della Community Run del Festival della Cultura Sportiva 2025: 6 km aperti a tutti runner, camminatori, famiglie. Domenica 7 settembre 2025, ore 11:30Piazza dell\u2019Acqua, Viale Tiberio 1 \u2013 Rimini Saremo in tanti alla partenza: non per fare record, ma perch\u00e9 la corsa \u00e8...","og_url":"https:\/\/www.clinicamerli.it\/merli\/festival-della-cultura-sportiva-2025\/","og_site_name":"Clinica Merli","article_publisher":"https:\/\/www.facebook.com\/clinica.merli\/","article_published_time":"2025-09-01T16:45:41+00:00","article_modified_time":"2025-09-03T14:46:40+00:00","og_image":[{"width":1028,"height":1028,"url":"https:\/\/www.clinicamerli.it\/merli\/wp-content\/uploads\/2025\/09\/festival-CULTURA-SPORTIVA_2025.jpg","type":"image\/jpeg"}],"author":"amminist","twitter_card":"summary_large_image","twitter_misc":{"Scritto da":"amminist","Tempo di lettura stimato":"2 minuti"},"schema":{"@context":"https:\/\/schema.org","@graph":[{"@type":"Article","@id":"https:\/\/www.clinicamerli.it\/merli\/festival-della-cultura-sportiva-2025\/#article","isPartOf":{"@id":"https:\/\/www.clinicamerli.it\/merli\/festival-della-cultura-sportiva-2025\/"},"author":{"name":"amminist","@id":"https:\/\/www.clinicamerli.it\/merli\/#\/schema\/person\/02b5523d9a6c56cf5d1fb0c4592b48f0"},"headline":"Festival della Cultura Sportiva 2025","datePublished":"2025-09-01T16:45:41+00:00","dateModified":"2025-09-03T14:46:40+00:00","mainEntityOfPage":{"@id":"https:\/\/www.clinicamerli.it\/merli\/festival-della-cultura-sportiva-2025\/"},"wordCount":162,"publisher":{"@id":"https:\/\/www.clinicamerli.it\/merli\/#organization"},"image":{"@id":"https:\/\/www.clinicamerli.it\/merli\/festival-della-cultura-sportiva-2025\/#primaryimage"},"thumbnailUrl":"https:\/\/www.clinicamerli.it\/merli\/wp-content\/uploads\/2025\/09\/festival-CULTURA-SPORTIVA_2025.jpg","articleSection":["Blog"],"inLanguage":"it-IT"},{"@type":"WebPage","@id":"https:\/\/www.clinicamerli.it\/merli\/festival-della-cultura-sportiva-2025\/","url":"https:\/\/www.clinicamerli.it\/merli\/festival-della-cultura-sportiva-2025\/","name":"Festival della Cultura Sportiva 2025 - Clinica Merli \u2022 Dentisti Rimini | Morciano di Romagna | Forl\u00ec","isPartOf":{"@id":"https:\/\/www.clinicamerli.it\/merli\/#website"},"primaryImageOfPage":{"@id":"https:\/\/www.clinicamerli.it\/merli\/festival-della-cultura-sportiva-2025\/#primaryimage"},"image":{"@id":"https:\/\/www.clinicamerli.it\/merli\/festival-della-cultura-sportiva-2025\/#primaryimage"},"thumbnailUrl":"https:\/\/www.clinicamerli.it\/merli\/wp-content\/uploads\/2025\/09\/festival-CULTURA-SPORTIVA_2025.jpg","datePublished":"2025-09-01T16:45:41+00:00","dateModified":"2025-09-03T14:46:40+00:00","breadcrumb":{"@id":"https:\/\/www.clinicamerli.it\/merli\/festival-della-cultura-sportiva-2025\/#breadcrumb"},"inLanguage":"it-IT","potentialAction":[{"@type":"ReadAction","target":["https:\/\/www.clinicamerli.it\/merli\/festival-della-cultura-sportiva-2025\/"]}]},{"@type":"ImageObject","inLanguage":"it-IT","@id":"https:\/\/www.clinicamerli.it\/merli\/festival-della-cultura-sportiva-2025\/#primaryimage","url":"https:\/\/www.clinicamerli.it\/merli\/wp-content\/uploads\/2025\/09\/festival-CULTURA-SPORTIVA_2025.jpg","contentUrl":"https:\/\/www.clinicamerli.it\/merli\/wp-content\/uploads\/2025\/09\/festival-CULTURA-SPORTIVA_2025.jpg","width":1028,"height":1028},{"@type":"BreadcrumbList","@id":"https:\/\/www.clinicamerli.it\/merli\/festival-della-cultura-sportiva-2025\/#breadcrumb","itemListElement":[{"@type":"ListItem","position":1,"name":"Home","item":"https:\/\/www.clinicamerli.it\/merli\/"},{"@type":"ListItem","position":2,"name":"Festival della Cultura Sportiva 2025"}]},{"@type":"WebSite","@id":"https:\/\/www.clinicamerli.it\/merli\/#website","url":"https:\/\/www.clinicamerli.it\/merli\/","name":"Clinica Merli","description":"Sorridi","publisher":{"@id":"https:\/\/www.clinicamerli.it\/merli\/#organization"},"potentialAction":[{"@type":"SearchAction","target":{"@type":"EntryPoint","urlTemplate":"https:\/\/www.clinicamerli.it\/merli\/?s={search_term_string}"},"query-input":{"@type":"PropertyValueSpecification","valueRequired":true,"valueName":"search_term_string"}}],"inLanguage":"it-IT"},{"@type":"Organization","@id":"https:\/\/www.clinicamerli.it\/merli\/#organization","name":"Clinica Merli","url":"https:\/\/www.clinicamerli.it\/merli\/","logo":{"@type":"ImageObject","inLanguage":"it-IT","@id":"https:\/\/www.clinicamerli.it\/merli\/#\/schema\/logo\/image\/","url":"https:\/\/www.clinicamerli.it\/merli\/wp-content\/uploads\/2021\/01\/logo-Clinica-Merli-2021-small1.png","contentUrl":"https:\/\/www.clinicamerli.it\/merli\/wp-content\/uploads\/2021\/01\/logo-Clinica-Merli-2021-small1.png","width":311,"height":65,"caption":"Clinica Merli"},"image":{"@id":"https:\/\/www.clinicamerli.it\/merli\/#\/schema\/logo\/image\/"},"sameAs":["https:\/\/www.facebook.com\/clinica.merli\/","https:\/\/www.instagram.com\/clinica_merli\/"]},{"@type":"Person","@id":"https:\/\/www.clinicamerli.it\/merli\/#\/schema\/person\/02b5523d9a6c56cf5d1fb0c4592b48f0","name":"amminist","image":{"@type":"ImageObject","inLanguage":"it-IT","@id":"https:\/\/secure.gravatar.com\/avatar\/d2244266d49bf9119b38c346152315c1a7a8c36a934e8075512e7d10665efda3?s=96&d=mm&r=g","url":"https:\/\/secure.gravatar.com\/avatar\/d2244266d49bf9119b38c346152315c1a7a8c36a934e8075512e7d10665efda3?s=96&d=mm&r=g","contentUrl":"https:\/\/secure.gravatar.com\/avatar\/d2244266d49bf9119b38c346152315c1a7a8c36a934e8075512e7d10665efda3?s=96&d=mm&r=g","caption":"amminist"}}]}},"_links":{"self":[{"href":"https:\/\/www.clinicamerli.it\/merli\/wp-json\/wp\/v2\/posts\/7919","targetHints":{"allow":["GET"]}}],"collection":[{"href":"https:\/\/www.clinicamerli.it\/merli\/wp-json\/wp\/v2\/posts"}],"about":[{"href":"https:\/\/www.clinicamerli.it\/merli\/wp-json\/wp\/v2\/types\/post"}],"author":[{"embeddable":true,"href":"https:\/\/www.clinicamerli.it\/merli\/wp-json\/wp\/v2\/users\/2"}],"replies":[{"embeddable":true,"href":"https:\/\/www.clinicamerli.it\/merli\/wp-json\/wp\/v2\/comments?post=7919"}],"version-history":[{"count":6,"href":"https:\/\/www.clinicamerli.it\/merli\/wp-json\/wp\/v2\/posts\/7919\/revisions"}],"predecessor-version":[{"id":7934,"href":"https:\/\/www.clinicamerli.it\/merli\/wp-json\/wp\/v2\/posts\/7919\/revisions\/7934"}],"wp:featuredmedia":[{"embeddable":true,"href":"https:\/\/www.clinicamerli.it\/merli\/wp-json\/wp\/v2\/media\/7925"}],"wp:attachment":[{"href":"https:\/\/www.clinicamerli.it\/merli\/wp-json\/wp\/v2\/media?parent=7919"}],"wp:term":[{"taxonomy":"category","embeddable":true,"href":"https:\/\/www.clinicamerli.it\/merli\/wp-json\/wp\/v2\/categories?post=7919"},{"taxonomy":"post_tag","embeddable":true,"href":"https:\/\/www.clinicamerli.it\/merli\/wp-json\/wp\/v2\/tags?post=7919"}],"curies":[{"name":"wp","href":"https:\/\/api.w.org\/{rel}","templated":true}]}}